{"id":3672,"date":"2022-03-19T11:36:13","date_gmt":"2022-03-19T09:36:13","guid":{"rendered":"https:\/\/creasalud.org\/?p=3672"},"modified":"2022-12-05T14:12:44","modified_gmt":"2022-12-05T14:12:44","slug":"aprender-decir-no","status":"publish","type":"post","link":"https:\/\/creasalud.org\/eu\/aprender-decir-no\/","title":{"rendered":"APRENDER A DECIR QUE NO"},"content":{"rendered":"<p>\u00bfAlguna vez has sentido la presi\u00f3n de tener que decir que si aun cuando t\u00fa no quer\u00edas hacer algo? \u00bfTe has visto comprometida a aceptar cosas con las que no estabas de acuerdo? \u00bfCrees que alguna vez has aceptado algo para no herir, molestar o enfrentarte a otras personas?<\/p>\n<p>Nos pasamos la vida relacion\u00e1ndonos con personas, en grupos de trabajo, en la oficina, en la escuela, \u2026 \u00a1somos seres sociales! Y normalmente nos gusta llevarnos bien con todo el mundo. Eso hace que, en ocasiones, y por intentar agradar a las dem\u00e1s, nos comprometamos m\u00e1s de la cuenta en tareas o actividades que no nos interesan o que ni siquiera estamos de acuerdo con hacer.<\/p>\n<p>S\u00ed, es cierto, a todas nos toca, de vez en cuando, hacer cosas que no nos apetece, ir a lugares a los que no queremos o estar en espacios en los que no nos sentimos c\u00f3modas. Pero lo que no podemos permitir es que se haga costumbre y sobre todo que otras personas puedan aprovechar esa buena disposici\u00f3n en su propio beneficio.<\/p>\n<p>Es por esto que el alumnado de Samaniego nos da las claves para sentirnos c\u00f3modas para aprender a decir que no y eso pasa, como no, por querernos un poquito m\u00e1s a nosotras mismas. Debemos ser conscientes de nuestros propios deseos y necesidades y ser claras al manifestarlos. No debemos sentirnos culpables, ni justificarnos ante terceros, sino preguntarnos a nosotras mismas si deseamos hacerlo o no. Una vez que lo tengamos claro, priorizaremos las actividades de nuestra vida, negociaremos con las personas de nuestro entorno y aprenderemos a decir que no cuando no nos sintamos c\u00f3modas.<\/p>\n<p>En definitiva, \u00a1pensaremos m\u00e1s en nosotras mismas!<\/p>\n<p><iframe loading=\"lazy\" title=\"YouTube video player\" src=\"https:\/\/www.youtube.com\/embed\/dws1pTDDLRY\" width=\"560\" height=\"315\" frameborder=\"0\" allowfullscreen=\"allowfullscreen\"><\/iframe><\/p>\n","protected":false},"excerpt":{"rendered":"<p>\u00bfAlguna vez has sentido la presi\u00f3n de tener que decir que si aun cuando t\u00fa no quer\u00edas hacer algo? \u00bfTe has visto comprometida a aceptar cosas con las que no estabas de acuerdo? \u00bfCrees que alguna vez has aceptado algo&hellip;<\/p>\n","protected":false},"author":3,"featured_media":3674,"comment_status":"open","ping_status":"closed","sticky":false,"template":"","format":"standard","meta":{"_acf_changed":false,"footnotes":""},"categories":[44],"tags":[],"class_list":["post-3672","post","type-post","status-publish","format-standard","has-post-thumbnail","hentry","category-euskadi"],"acf":[],"yoast_head":"<!-- This site is optimized with the Yoast SEO plugin v27.3 - https:\/\/yoast.com\/product\/yoast-seo-wordpress\/ -->\n<title>APRENDER A DECIR QUE NO - Crea Salud Farmamundi<\/title>\n<meta name=\"robots\" content=\"index, follow, max-snippet:-1, max-image-preview:large, max-video-preview:-1\" \/>\n<link rel=\"canonical\" href=\"https:\/\/creasalud.org\/eu\/aprender-decir-no\/\" \/>\n<meta property=\"og:locale\" content=\"es_ES\" \/>\n<meta property=\"og:type\" content=\"article\" \/>\n<meta property=\"og:title\" content=\"APRENDER A DECIR QUE NO - Crea Salud Farmamundi\" \/>\n<meta property=\"og:description\" content=\"\u00bfAlguna vez has sentido la presi\u00f3n de tener que decir que si aun cuando t\u00fa no quer\u00edas hacer algo? \u00bfTe has visto comprometida a aceptar cosas con las que no estabas de acuerdo? \u00bfCrees que alguna vez has aceptado algo&hellip;\" \/>\n<meta property=\"og:url\" content=\"https:\/\/creasalud.org\/eu\/aprender-decir-no\/\" \/>\n<meta property=\"og:site_name\" content=\"Crea Salud Farmamundi\" \/>\n<meta property=\"article:published_time\" content=\"2022-03-19T09:36:13+00:00\" \/>\n<meta property=\"article:modified_time\" content=\"2022-12-05T14:12:44+00:00\" \/>\n<meta property=\"og:image\" content=\"https:\/\/creasalud.org\/eu\/wp-content\/uploads\/sites\/2\/2022\/04\/PORTADA-NO.jpg\" \/>\n\t<meta property=\"og:image:width\" content=\"1200\" \/>\n\t<meta property=\"og:image:height\" content=\"630\" \/>\n\t<meta property=\"og:image:type\" content=\"image\/jpeg\" \/>\n<meta name=\"author\" content=\"CreaSalud\" \/>\n<meta name=\"twitter:card\" content=\"summary_large_image\" \/>\n<meta name=\"twitter:label1\" content=\"Escrito por\" \/>\n\t<meta name=\"twitter:data1\" content=\"CreaSalud\" \/>\n\t<meta name=\"twitter:label2\" content=\"Tiempo de lectura\" \/>\n\t<meta name=\"twitter:data2\" content=\"1 minuto\" \/>\n<script type=\"application\/ld+json\" class=\"yoast-schema-graph\">{\"@context\":\"https:\\\/\\\/schema.org\",\"@graph\":[{\"@type\":\"Article\",\"@id\":\"https:\\\/\\\/creasalud.org\\\/eu\\\/aprender-decir-no\\\/#article\",\"isPartOf\":{\"@id\":\"https:\\\/\\\/creasalud.org\\\/eu\\\/aprender-decir-no\\\/\"},\"author\":{\"name\":\"CreaSalud\",\"@id\":\"https:\\\/\\\/creasalud.org\\\/eu\\\/#\\\/schema\\\/person\\\/407adc59941913b9aba64e6f77ba0dc9\"},\"headline\":\"APRENDER A DECIR QUE NO\",\"datePublished\":\"2022-03-19T09:36:13+00:00\",\"dateModified\":\"2022-12-05T14:12:44+00:00\",\"mainEntityOfPage\":{\"@id\":\"https:\\\/\\\/creasalud.org\\\/eu\\\/aprender-decir-no\\\/\"},\"wordCount\":295,\"commentCount\":0,\"image\":{\"@id\":\"https:\\\/\\\/creasalud.org\\\/eu\\\/aprender-decir-no\\\/#primaryimage\"},\"thumbnailUrl\":\"https:\\\/\\\/creasalud.org\\\/eu\\\/wp-content\\\/uploads\\\/sites\\\/2\\\/2022\\\/04\\\/PORTADA-NO.jpg\",\"articleSection\":[\"Euskadi\"],\"inLanguage\":\"es\",\"potentialAction\":[{\"@type\":\"CommentAction\",\"name\":\"Comment\",\"target\":[\"https:\\\/\\\/creasalud.org\\\/eu\\\/aprender-decir-no\\\/#respond\"]}]},{\"@type\":\"WebPage\",\"@id\":\"https:\\\/\\\/creasalud.org\\\/eu\\\/aprender-decir-no\\\/\",\"url\":\"https:\\\/\\\/creasalud.org\\\/eu\\\/aprender-decir-no\\\/\",\"name\":\"APRENDER A DECIR QUE NO - Crea Salud Farmamundi\",\"isPartOf\":{\"@id\":\"https:\\\/\\\/creasalud.org\\\/eu\\\/#website\"},\"primaryImageOfPage\":{\"@id\":\"https:\\\/\\\/creasalud.org\\\/eu\\\/aprender-decir-no\\\/#primaryimage\"},\"image\":{\"@id\":\"https:\\\/\\\/creasalud.org\\\/eu\\\/aprender-decir-no\\\/#primaryimage\"},\"thumbnailUrl\":\"https:\\\/\\\/creasalud.org\\\/eu\\\/wp-content\\\/uploads\\\/sites\\\/2\\\/2022\\\/04\\\/PORTADA-NO.jpg\",\"datePublished\":\"2022-03-19T09:36:13+00:00\",\"dateModified\":\"2022-12-05T14:12:44+00:00\",\"author\":{\"@id\":\"https:\\\/\\\/creasalud.org\\\/eu\\\/#\\\/schema\\\/person\\\/407adc59941913b9aba64e6f77ba0dc9\"},\"breadcrumb\":{\"@id\":\"https:\\\/\\\/creasalud.org\\\/eu\\\/aprender-decir-no\\\/#breadcrumb\"},\"inLanguage\":\"es\",\"potentialAction\":[{\"@type\":\"ReadAction\",\"target\":[\"https:\\\/\\\/creasalud.org\\\/eu\\\/aprender-decir-no\\\/\"]}]},{\"@type\":\"ImageObject\",\"inLanguage\":\"es\",\"@id\":\"https:\\\/\\\/creasalud.org\\\/eu\\\/aprender-decir-no\\\/#primaryimage\",\"url\":\"https:\\\/\\\/creasalud.org\\\/eu\\\/wp-content\\\/uploads\\\/sites\\\/2\\\/2022\\\/04\\\/PORTADA-NO.jpg\",\"contentUrl\":\"https:\\\/\\\/creasalud.org\\\/eu\\\/wp-content\\\/uploads\\\/sites\\\/2\\\/2022\\\/04\\\/PORTADA-NO.jpg\",\"width\":1200,\"height\":630},{\"@type\":\"WebSite\",\"@id\":\"https:\\\/\\\/creasalud.org\\\/eu\\\/#website\",\"url\":\"https:\\\/\\\/creasalud.org\\\/eu\\\/\",\"name\":\"Crea Salud Farmamundi\",\"description\":\"Crea Salud es un proyecto de comunicaci\u00f3n social para el Derecho a la Salud en Nicaragua de Farmamundi\",\"potentialAction\":[{\"@type\":\"SearchAction\",\"target\":{\"@type\":\"EntryPoint\",\"urlTemplate\":\"https:\\\/\\\/creasalud.org\\\/eu\\\/?s={search_term_string}\"},\"query-input\":{\"@type\":\"PropertyValueSpecification\",\"valueRequired\":true,\"valueName\":\"search_term_string\"}}],\"inLanguage\":\"es\"},{\"@type\":\"Person\",\"@id\":\"https:\\\/\\\/creasalud.org\\\/eu\\\/#\\\/schema\\\/person\\\/407adc59941913b9aba64e6f77ba0dc9\",\"name\":\"CreaSalud\",\"image\":{\"@type\":\"ImageObject\",\"inLanguage\":\"es\",\"@id\":\"https:\\\/\\\/secure.gravatar.com\\\/avatar\\\/cb5eb2bd24105dd3872851849b195b0f22fd1303b0cebeb84856b169f4da1fff?s=96&d=mm&r=g\",\"url\":\"https:\\\/\\\/secure.gravatar.com\\\/avatar\\\/cb5eb2bd24105dd3872851849b195b0f22fd1303b0cebeb84856b169f4da1fff?s=96&d=mm&r=g\",\"contentUrl\":\"https:\\\/\\\/secure.gravatar.com\\\/avatar\\\/cb5eb2bd24105dd3872851849b195b0f22fd1303b0cebeb84856b169f4da1fff?s=96&d=mm&r=g\",\"caption\":\"CreaSalud\"},\"url\":\"https:\\\/\\\/creasalud.org\\\/eu\\\/author\\\/creasalud\\\/\"}]}<\/script>\n<!-- \/ Yoast SEO plugin. -->","yoast_head_json":{"title":"APRENDER A DECIR QUE NO - Crea Salud Farmamundi","robots":{"index":"index","follow":"follow","max-snippet":"max-snippet:-1","max-image-preview":"max-image-preview:large","max-video-preview":"max-video-preview:-1"},"canonical":"https:\/\/creasalud.org\/eu\/aprender-decir-no\/","og_locale":"es_ES","og_type":"article","og_title":"APRENDER A DECIR QUE NO - Crea Salud Farmamundi","og_description":"\u00bfAlguna vez has sentido la presi\u00f3n de tener que decir que si aun cuando t\u00fa no quer\u00edas hacer algo? \u00bfTe has visto comprometida a aceptar cosas con las que no estabas de acuerdo? \u00bfCrees que alguna vez has aceptado algo&hellip;","og_url":"https:\/\/creasalud.org\/eu\/aprender-decir-no\/","og_site_name":"Crea Salud Farmamundi","article_published_time":"2022-03-19T09:36:13+00:00","article_modified_time":"2022-12-05T14:12:44+00:00","og_image":[{"width":1200,"height":630,"url":"https:\/\/creasalud.org\/eu\/wp-content\/uploads\/sites\/2\/2022\/04\/PORTADA-NO.jpg","type":"image\/jpeg"}],"author":"CreaSalud","twitter_card":"summary_large_image","twitter_misc":{"Escrito por":"CreaSalud","Tiempo de lectura":"1 minuto"},"schema":{"@context":"https:\/\/schema.org","@graph":[{"@type":"Article","@id":"https:\/\/creasalud.org\/eu\/aprender-decir-no\/#article","isPartOf":{"@id":"https:\/\/creasalud.org\/eu\/aprender-decir-no\/"},"author":{"name":"CreaSalud","@id":"https:\/\/creasalud.org\/eu\/#\/schema\/person\/407adc59941913b9aba64e6f77ba0dc9"},"headline":"APRENDER A DECIR QUE NO","datePublished":"2022-03-19T09:36:13+00:00","dateModified":"2022-12-05T14:12:44+00:00","mainEntityOfPage":{"@id":"https:\/\/creasalud.org\/eu\/aprender-decir-no\/"},"wordCount":295,"commentCount":0,"image":{"@id":"https:\/\/creasalud.org\/eu\/aprender-decir-no\/#primaryimage"},"thumbnailUrl":"https:\/\/creasalud.org\/eu\/wp-content\/uploads\/sites\/2\/2022\/04\/PORTADA-NO.jpg","articleSection":["Euskadi"],"inLanguage":"es","potentialAction":[{"@type":"CommentAction","name":"Comment","target":["https:\/\/creasalud.org\/eu\/aprender-decir-no\/#respond"]}]},{"@type":"WebPage","@id":"https:\/\/creasalud.org\/eu\/aprender-decir-no\/","url":"https:\/\/creasalud.org\/eu\/aprender-decir-no\/","name":"APRENDER A DECIR QUE NO - Crea Salud Farmamundi","isPartOf":{"@id":"https:\/\/creasalud.org\/eu\/#website"},"primaryImageOfPage":{"@id":"https:\/\/creasalud.org\/eu\/aprender-decir-no\/#primaryimage"},"image":{"@id":"https:\/\/creasalud.org\/eu\/aprender-decir-no\/#primaryimage"},"thumbnailUrl":"https:\/\/creasalud.org\/eu\/wp-content\/uploads\/sites\/2\/2022\/04\/PORTADA-NO.jpg","datePublished":"2022-03-19T09:36:13+00:00","dateModified":"2022-12-05T14:12:44+00:00","author":{"@id":"https:\/\/creasalud.org\/eu\/#\/schema\/person\/407adc59941913b9aba64e6f77ba0dc9"},"breadcrumb":{"@id":"https:\/\/creasalud.org\/eu\/aprender-decir-no\/#breadcrumb"},"inLanguage":"es","potentialAction":[{"@type":"ReadAction","target":["https:\/\/creasalud.org\/eu\/aprender-decir-no\/"]}]},{"@type":"ImageObject","inLanguage":"es","@id":"https:\/\/creasalud.org\/eu\/aprender-decir-no\/#primaryimage","url":"https:\/\/creasalud.org\/eu\/wp-content\/uploads\/sites\/2\/2022\/04\/PORTADA-NO.jpg","contentUrl":"https:\/\/creasalud.org\/eu\/wp-content\/uploads\/sites\/2\/2022\/04\/PORTADA-NO.jpg","width":1200,"height":630},{"@type":"WebSite","@id":"https:\/\/creasalud.org\/eu\/#website","url":"https:\/\/creasalud.org\/eu\/","name":"Crea Salud Farmamundi","description":"Crea Salud es un proyecto de comunicaci\u00f3n social para el Derecho a la Salud en Nicaragua de Farmamundi","potentialAction":[{"@type":"SearchAction","target":{"@type":"EntryPoint","urlTemplate":"https:\/\/creasalud.org\/eu\/?s={search_term_string}"},"query-input":{"@type":"PropertyValueSpecification","valueRequired":true,"valueName":"search_term_string"}}],"inLanguage":"es"},{"@type":"Person","@id":"https:\/\/creasalud.org\/eu\/#\/schema\/person\/407adc59941913b9aba64e6f77ba0dc9","name":"CreaSalud","image":{"@type":"ImageObject","inLanguage":"es","@id":"https:\/\/secure.gravatar.com\/avatar\/cb5eb2bd24105dd3872851849b195b0f22fd1303b0cebeb84856b169f4da1fff?s=96&d=mm&r=g","url":"https:\/\/secure.gravatar.com\/avatar\/cb5eb2bd24105dd3872851849b195b0f22fd1303b0cebeb84856b169f4da1fff?s=96&d=mm&r=g","contentUrl":"https:\/\/secure.gravatar.com\/avatar\/cb5eb2bd24105dd3872851849b195b0f22fd1303b0cebeb84856b169f4da1fff?s=96&d=mm&r=g","caption":"CreaSalud"},"url":"https:\/\/creasalud.org\/eu\/author\/creasalud\/"}]}},"_links":{"self":[{"href":"https:\/\/creasalud.org\/eu\/wp-json\/wp\/v2\/posts\/3672","targetHints":{"allow":["GET"]}}],"collection":[{"href":"https:\/\/creasalud.org\/eu\/wp-json\/wp\/v2\/posts"}],"about":[{"href":"https:\/\/creasalud.org\/eu\/wp-json\/wp\/v2\/types\/post"}],"author":[{"embeddable":true,"href":"https:\/\/creasalud.org\/eu\/wp-json\/wp\/v2\/users\/3"}],"replies":[{"embeddable":true,"href":"https:\/\/creasalud.org\/eu\/wp-json\/wp\/v2\/comments?post=3672"}],"version-history":[{"count":1,"href":"https:\/\/creasalud.org\/eu\/wp-json\/wp\/v2\/posts\/3672\/revisions"}],"predecessor-version":[{"id":3693,"href":"https:\/\/creasalud.org\/eu\/wp-json\/wp\/v2\/posts\/3672\/revisions\/3693"}],"wp:featuredmedia":[{"embeddable":true,"href":"https:\/\/creasalud.org\/eu\/wp-json\/wp\/v2\/media\/3674"}],"wp:attachment":[{"href":"https:\/\/creasalud.org\/eu\/wp-json\/wp\/v2\/media?parent=3672"}],"wp:term":[{"taxonomy":"category","embeddable":true,"href":"https:\/\/creasalud.org\/eu\/wp-json\/wp\/v2\/categories?post=3672"},{"taxonomy":"post_tag","embeddable":true,"href":"https:\/\/creasalud.org\/eu\/wp-json\/wp\/v2\/tags?post=3672"}],"curies":[{"name":"wp","href":"https:\/\/api.w.org\/{rel}","templated":true}]}}